{"id":15906,"date":"2021-05-27T22:59:16","date_gmt":"2021-05-27T21:59:16","guid":{"rendered":"https:\/\/www.papiliorama.ch\/?p=15906"},"modified":"2021-05-27T22:59:17","modified_gmt":"2021-05-27T21:59:17","slug":"le-projet-papiliorama-2030-demarre-officiellement","status":"publish","type":"post","link":"https:\/\/www.papiliorama.ch\/fr\/le-projet-papiliorama-2030-demarre-officiellement\/","title":{"rendered":"Le projet Papiliorama 2030+ d\u00e9marre officiellement !"},"content":{"rendered":"\n<p><strong>C&rsquo;est par la pose symbolique d&rsquo;une orchid&eacute;e au sommet d&rsquo;un arbre porteur d&rsquo;un <\/strong>\r\n<strong>jardin luxuriant que le pr&eacute;sident de l&rsquo;Association ProPapiliorama Hans St&ouml;ckli, <\/strong>\r\n<strong>a officiellement lanc&eacute; le d&eacute;but des travaux de la premi&egrave;re &eacute;tape du projet <\/strong>\r\n<strong>Papiliorama 2030+ de la Fondation Papiliorama. Celle-ci verra la construction <\/strong>\r\n<strong>d&rsquo;un nouveau b&acirc;timent polyvalent baptis&eacute; Canopea, et s&rsquo;inscrira dans un plus <\/strong>\r\n<strong>vaste programme comprenant des projets de nouvelles expositions <\/strong>\r\n<strong>permanentes, d&rsquo;am&eacute;lioration des infrastructures et d&rsquo;assainissement<\/strong>\r\n<strong>&eacute;nerg&eacute;tique. Le projet Papiliorama 2030+ est devis&eacute; dans son ensemble &agrave; 14 <\/strong>\r\n<strong>millions de francs, et ses divers &eacute;l&eacute;ments seront graduellement r&eacute;alis&eacute;s durant <\/strong>\r\n<strong>les prochaines ann&eacute;es.<\/strong><\/p>\n\n<p>Cette pose symbolique de la premi&egrave;re plante marque le d&eacute;but de la construction d&rsquo;un nouveau \r\nb&acirc;timent polyvalent sur trois &eacute;tages. La pi&egrave;ce ma&icirc;tresse de l&rsquo;ouvrage est l&rsquo;exposition Canopea, \r\nune grande serre qui tr&ocirc;nera au sommet du b&acirc;timent, qui accueillera une reconstitution de la \r\ncanop&eacute;e, &agrave; savoir l&rsquo;ensemble que forment les couronnes des arbres g&eacute;ants de la for&ecirc;t \r\ntropicale. Cette canop&eacute;e portera sur ses vastes branches de nombreuses et luxuriantes \r\nplantes formant de v&eacute;ritables jardins suspendus. Les repr&eacute;sentants les plus connus en sont \r\nles brom&eacute;liac&eacute;es, les orchid&eacute;es, les foug&egrave;res et autres mousses, de m&ecirc;me que les lianes. \r\nOiseaux, amphibiens et reptiles peupleront &eacute;galement ce nouvel espace.<\/p>\n\n<p>L&rsquo;&eacute;tage interm&eacute;diaire permettra d&rsquo;offrir plus d&rsquo;espace aux visiteurs : ainsi, l&rsquo;agrandissement du \r\nrestaurant actuel permettra-t-il que tous puissent s&rsquo;assoir lors des jours de grand affluence. \r\nDes salles de conf&eacute;rences et s&eacute;minaires permettront de d&eacute;velopper les programmes \r\np&eacute;dagogiques de la fondation, d&rsquo;organiser des conf&eacute;rences sur les grands th&egrave;mes autour de \r\nla biodiversit&eacute; sur terre, voire m&ecirc;me des expositions temporaires. Le sous-sol, lui, accueillera \r\nune exposition sur les amphibiens de la plan&egrave;te, qui mettra en exergue les graves dangers qui \r\nles menacent, chez nous comme ailleurs.<\/p>\n\n<p>Le projet Canopea est le premier de deux projets-phares de la vision 2030+\r\n. L&rsquo;autre se situera \r\ndans les jardins ext&eacute;rieurs de la Fondation et comprendra un vaste &eacute;tang travers&eacute; d&rsquo;un tunnel \r\nqui permettra de d&eacute;couvrir la faune et la flore aquatiques de la r&eacute;gion des Trois-Lacs, ainsi \r\nqu&rsquo;une tour d&rsquo;observation et d&rsquo;une voli&egrave;re avec quelques esp&egrave;ces animales et v&eacute;g&eacute;tales \r\ntypiques de la r&eacute;gion, devenues rares ou aujourd&rsquo;hui disparues.<\/p>\n\n<p>Le projet Papiliorama 2030+ n&rsquo;aurait pas vu le jour sans l&rsquo;impulsion et le travail de l&rsquo;Association \r\nProPapiliorama sous l&rsquo;&eacute;gide de son pr&eacute;sident Hans St&ouml;ckli, de m&ecirc;me que le soutien \r\nextraordinaire de nombreux m&eacute;c&egrave;nes et fondations. Le pr&eacute;sident de la Fondation Papiliorama \r\na profit&eacute; de la c&eacute;r&eacute;monie pour leur t&eacute;moigner leur profonde reconnaissance. Le projet \r\nPapiliorama 2030+ permettra de donner une solide assise &agrave; l&rsquo;institution et assurer ainsi son\r\nfutur &agrave; long terme, lui donnant ainsi la possibilit&eacute; de poursuivre ses missions de p&eacute;dagogie et \r\nde conservation de la nature.<\/p>\n\n<div class=\"wp-block-ugb-spacer ugb-spacer ugb-bdf1dc1 ugb-spacer--v2 ugb-main-block\"><div class=\"ugb-inner-block\"><div class=\"ugb-block-content\"><div class=\"ugb-spacer--inner\"><\/div><\/div><\/div><\/div>\n\n<div class=\"wp-block-columns is-layout-flex wp-container-core-columns-is-layout-28f84493 wp-block-columns-is-layout-flex\">\n<div class=\"wp-block-column is-layout-flow wp-block-column-is-layout-flow\" style=\"flex-basis:100%\">\n<div class=\"wp-block-columns is-layout-flex wp-container-core-columns-is-layout-28f84493 wp-block-columns-is-layout-flex\">\n<div class=\"wp-block-column is-layout-flow wp-block-column-is-layout-flow\" style=\"flex-basis:100%\">\n<div class=\"wp-block-group alignwide\"><div class=\"wp-block-group__inner-container is-layout-flow wp-block-group-is-layout-flow\">\n<figure class=\"wp-block-gallery columns-4 is-cropped wp-block-gallery-1 is-layout-flex wp-block-gallery-is-layout-flex\"><ul class=\"blocks-gallery-grid\"><li class=\"blocks-gallery-item\"><figure><img fetchpriority=\"high\" decoding=\"async\" width=\"1024\" height=\"683\" src=\"http:\/\/www.papiliorama.ch\/wp-content\/uploads\/2021\/05\/Papiliorama_Canopea_Spatenstich_1.jpg\" alt=\"\" data-id=\"15865\" data-full-url=\"http:\/\/www.papiliorama.ch\/wp-content\/uploads\/2021\/05\/Papiliorama_Canopea_Spatenstich_1.jpg\" data-link=\"https:\/\/www.papiliorama.ch\/?attachment_id=15865\" class=\"wp-image-15867\" srcset=\"https:\/\/www.papiliorama.ch\/wp-content\/uploads\/2021\/05\/Papiliorama_Canopea_Spatenstich_1.jpg 1024w, https:\/\/www.papiliorama.ch\/wp-content\/uploads\/2021\/05\/Papiliorama_Canopea_Spatenstich_1-600x400.jpg 600w, https:\/\/www.papiliorama.ch\/wp-content\/uploads\/2021\/05\/Papiliorama_Canopea_Spatenstich_1-300x200.jpg 300w, https:\/\/www.papiliorama.ch\/wp-content\/uploads\/2021\/05\/Papiliorama_Canopea_Spatenstich_1-768x512.jpg 768w\" sizes=\"(max-width: 1024px) 100vw, 1024px\"><\/figure><\/li><li class=\"blocks-gallery-item\"><figure><img decoding=\"async\" width=\"1024\" height=\"683\" src=\"http:\/\/www.papiliorama.ch\/wp-content\/uploads\/2021\/05\/Papiliorama_Canopea_Spatenstich_2_CasparBijleveld.jpg\" alt=\"\" data-id=\"15868\" data-full-url=\"http:\/\/www.papiliorama.ch\/wp-content\/uploads\/2021\/05\/Papiliorama_Canopea_Spatenstich_2_CasparBijleveld.jpg\" data-link=\"https:\/\/www.papiliorama.ch\/?attachment_id=15868\" class=\"wp-image-15870\" srcset=\"https:\/\/www.papiliorama.ch\/wp-content\/uploads\/2021\/05\/Papiliorama_Canopea_Spatenstich_2_CasparBijleveld.jpg 1024w, https:\/\/www.papiliorama.ch\/wp-content\/uploads\/2021\/05\/Papiliorama_Canopea_Spatenstich_2_CasparBijleveld-600x400.jpg 600w, https:\/\/www.papiliorama.ch\/wp-content\/uploads\/2021\/05\/Papiliorama_Canopea_Spatenstich_2_CasparBijleveld-300x200.jpg 300w, https:\/\/www.papiliorama.ch\/wp-content\/uploads\/2021\/05\/Papiliorama_Canopea_Spatenstich_2_CasparBijleveld-768x512.jpg 768w\" sizes=\"(max-width: 1024px) 100vw, 1024px\"><\/figure><\/li><li class=\"blocks-gallery-item\"><figure><img decoding=\"async\" width=\"1024\" height=\"683\" src=\"http:\/\/www.papiliorama.ch\/wp-content\/uploads\/2021\/05\/Papiliorama_Canopea_Spatenstich_4_HansStoeckli.jpg\" alt=\"\" data-id=\"15874\" data-full-url=\"http:\/\/www.papiliorama.ch\/wp-content\/uploads\/2021\/05\/Papiliorama_Canopea_Spatenstich_4_HansStoeckli.jpg\" data-link=\"https:\/\/www.papiliorama.ch\/?attachment_id=15874\" class=\"wp-image-15876\" srcset=\"https:\/\/www.papiliorama.ch\/wp-content\/uploads\/2021\/05\/Papiliorama_Canopea_Spatenstich_4_HansStoeckli.jpg 1024w, https:\/\/www.papiliorama.ch\/wp-content\/uploads\/2021\/05\/Papiliorama_Canopea_Spatenstich_4_HansStoeckli-600x400.jpg 600w, https:\/\/www.papiliorama.ch\/wp-content\/uploads\/2021\/05\/Papiliorama_Canopea_Spatenstich_4_HansStoeckli-300x200.jpg 300w, https:\/\/www.papiliorama.ch\/wp-content\/uploads\/2021\/05\/Papiliorama_Canopea_Spatenstich_4_HansStoeckli-768x512.jpg 768w\" sizes=\"(max-width: 1024px) 100vw, 1024px\"><\/figure><\/li><li class=\"blocks-gallery-item\"><figure><img loading=\"lazy\" decoding=\"async\" width=\"1024\" height=\"683\" src=\"http:\/\/www.papiliorama.ch\/wp-content\/uploads\/2021\/05\/Papiliorama_Canopea_Spatenstich_5_HansStoeckli.jpg\" alt=\"\" data-id=\"15877\" data-full-url=\"http:\/\/www.papiliorama.ch\/wp-content\/uploads\/2021\/05\/Papiliorama_Canopea_Spatenstich_5_HansStoeckli.jpg\" data-link=\"https:\/\/www.papiliorama.ch\/?attachment_id=15877\" class=\"wp-image-15879\" srcset=\"https:\/\/www.papiliorama.ch\/wp-content\/uploads\/2021\/05\/Papiliorama_Canopea_Spatenstich_5_HansStoeckli.jpg 1024w, https:\/\/www.papiliorama.ch\/wp-content\/uploads\/2021\/05\/Papiliorama_Canopea_Spatenstich_5_HansStoeckli-600x400.jpg 600w, https:\/\/www.papiliorama.ch\/wp-content\/uploads\/2021\/05\/Papiliorama_Canopea_Spatenstich_5_HansStoeckli-300x200.jpg 300w, https:\/\/www.papiliorama.ch\/wp-content\/uploads\/2021\/05\/Papiliorama_Canopea_Spatenstich_5_HansStoeckli-768x512.jpg 768w\" sizes=\"(max-width: 1024px) 100vw, 1024px\"><\/figure><\/li><li class=\"blocks-gallery-item\"><figure><img loading=\"lazy\" decoding=\"async\" width=\"1024\" height=\"683\" src=\"http:\/\/www.papiliorama.ch\/wp-content\/uploads\/2021\/05\/Papiliorama_Canopea_Spatenstich_6_HansStoeckli.jpg\" alt=\"\" data-id=\"15856\" data-full-url=\"http:\/\/www.papiliorama.ch\/wp-content\/uploads\/2021\/05\/Papiliorama_Canopea_Spatenstich_6_HansStoeckli.jpg\" data-link=\"https:\/\/www.papiliorama.ch\/?attachment_id=15856\" class=\"wp-image-15858\" srcset=\"https:\/\/www.papiliorama.ch\/wp-content\/uploads\/2021\/05\/Papiliorama_Canopea_Spatenstich_6_HansStoeckli.jpg 1024w, https:\/\/www.papiliorama.ch\/wp-content\/uploads\/2021\/05\/Papiliorama_Canopea_Spatenstich_6_HansStoeckli-600x400.jpg 600w, https:\/\/www.papiliorama.ch\/wp-content\/uploads\/2021\/05\/Papiliorama_Canopea_Spatenstich_6_HansStoeckli-300x200.jpg 300w, https:\/\/www.papiliorama.ch\/wp-content\/uploads\/2021\/05\/Papiliorama_Canopea_Spatenstich_6_HansStoeckli-768x512.jpg 768w\" sizes=\"(max-width: 1024px) 100vw, 1024px\"><\/figure><\/li><li class=\"blocks-gallery-item\"><figure><img loading=\"lazy\" decoding=\"async\" width=\"1024\" height=\"683\" src=\"http:\/\/www.papiliorama.ch\/wp-content\/uploads\/2021\/05\/Papiliorama_Canopea_Spatenstich_3_SylvieBonvin-1.jpg\" alt=\"\" data-id=\"15893\" data-full-url=\"http:\/\/www.papiliorama.ch\/wp-content\/uploads\/2021\/05\/Papiliorama_Canopea_Spatenstich_3_SylvieBonvin-1.jpg\" data-link=\"https:\/\/www.papiliorama.ch\/?attachment_id=15893\" class=\"wp-image-15895\" srcset=\"https:\/\/www.papiliorama.ch\/wp-content\/uploads\/2021\/05\/Papiliorama_Canopea_Spatenstich_3_SylvieBonvin-1.jpg 1024w, https:\/\/www.papiliorama.ch\/wp-content\/uploads\/2021\/05\/Papiliorama_Canopea_Spatenstich_3_SylvieBonvin-1-600x400.jpg 600w, https:\/\/www.papiliorama.ch\/wp-content\/uploads\/2021\/05\/Papiliorama_Canopea_Spatenstich_3_SylvieBonvin-1-300x200.jpg 300w, https:\/\/www.papiliorama.ch\/wp-content\/uploads\/2021\/05\/Papiliorama_Canopea_Spatenstich_3_SylvieBonvin-1-768x512.jpg 768w\" sizes=\"(max-width: 1024px) 100vw, 1024px\"><\/figure><\/li><li class=\"blocks-gallery-item\"><figure><img loading=\"lazy\" decoding=\"async\" width=\"1024\" height=\"683\" src=\"http:\/\/www.papiliorama.ch\/wp-content\/uploads\/2021\/05\/Papiliorama_Canopea_Spatenstich_7_MichelPittet-1.jpg\" alt=\"\" data-id=\"15911\" data-full-url=\"http:\/\/www.papiliorama.ch\/wp-content\/uploads\/2021\/05\/Papiliorama_Canopea_Spatenstich_7_MichelPittet-1.jpg\" data-link=\"https:\/\/www.papiliorama.ch\/projekt-papiliorama-2030-offiziell-gestartet\/papiliorama_canopea_spatenstich_7_michelpittet\/\" class=\"wp-image-15913\" srcset=\"https:\/\/www.papiliorama.ch\/wp-content\/uploads\/2021\/05\/Papiliorama_Canopea_Spatenstich_7_MichelPittet-1.jpg 1024w, https:\/\/www.papiliorama.ch\/wp-content\/uploads\/2021\/05\/Papiliorama_Canopea_Spatenstich_7_MichelPittet-1-600x400.jpg 600w, https:\/\/www.papiliorama.ch\/wp-content\/uploads\/2021\/05\/Papiliorama_Canopea_Spatenstich_7_MichelPittet-1-300x200.jpg 300w, https:\/\/www.papiliorama.ch\/wp-content\/uploads\/2021\/05\/Papiliorama_Canopea_Spatenstich_7_MichelPittet-1-768x512.jpg 768w\" sizes=\"(max-width: 1024px) 100vw, 1024px\"><\/figure><\/li><li class=\"blocks-gallery-item\"><figure><img loading=\"lazy\" decoding=\"async\" width=\"1024\" height=\"683\" src=\"http:\/\/www.papiliorama.ch\/wp-content\/uploads\/2021\/05\/Papiliorama_Canopea_Spatenstich_8.jpg\" alt=\"\" data-id=\"15896\" data-full-url=\"http:\/\/www.papiliorama.ch\/wp-content\/uploads\/2021\/05\/Papiliorama_Canopea_Spatenstich_8.jpg\" data-link=\"https:\/\/www.papiliorama.ch\/?attachment_id=15896\" class=\"wp-image-15898\" srcset=\"https:\/\/www.papiliorama.ch\/wp-content\/uploads\/2021\/05\/Papiliorama_Canopea_Spatenstich_8.jpg 1024w, https:\/\/www.papiliorama.ch\/wp-content\/uploads\/2021\/05\/Papiliorama_Canopea_Spatenstich_8-600x400.jpg 600w, https:\/\/www.papiliorama.ch\/wp-content\/uploads\/2021\/05\/Papiliorama_Canopea_Spatenstich_8-300x200.jpg 300w, https:\/\/www.papiliorama.ch\/wp-content\/uploads\/2021\/05\/Papiliorama_Canopea_Spatenstich_8-768x512.jpg 768w\" sizes=\"(max-width: 1024px) 100vw, 1024px\"><\/figure><\/li><\/ul><\/figure><\/div><\/div>\n<\/div>\n<\/div>\n<\/div>\n<\/div>\n","protected":false},"excerpt":{"rendered":"<p>C\u2019est par la pose symbolique d\u2019une orchid\u00e9e au sommet d\u2019un arbre porteur d\u2019un &#13; jardin luxuriant que le pr\u00e9sident de l\u2019Association ProPapiliorama Hans St\u00f6ckli, &#13; a officiellement lanc\u00e9 le d\u00e9but des travaux de la premi\u00e8re \u00e9tape du projet &#13; Papiliorama 2030+ de la Fondation Papiliorama. Celle-ci verra la construction &#13; d\u2019un nouveau b\u00e2timent polyvalent baptis\u00e9 [&hellip;]<\/p>\n","protected":false},"author":2,"featured_media":15858,"comment_status":"open","ping_status":"open","sticky":false,"template":"","format":"standard","meta":{"footnotes":""},"categories":[257],"tags":[301,304,303,260,302,305],"class_list":["post-15906","post","type-post","status-publish","format-standard","has-post-thumbnail","hentry","category-news-fr","tag-canopea-fr","tag-hans-stoeckli-fr","tag-orchidee-fr","tag-papiliorama-fr","tag-papiliorama-2030-fr","tag-spatenstich-fr"],"featured_image_urls_v2":{"full":["https:\/\/www.papiliorama.ch\/wp-content\/uploads\/2021\/05\/Papiliorama_Canopea_Spatenstich_6_HansStoeckli.jpg",1024,683,false],"thumbnail":["https:\/\/www.papiliorama.ch\/wp-content\/uploads\/2021\/05\/Papiliorama_Canopea_Spatenstich_6_HansStoeckli-150x150.jpg",150,150,true],"medium":["https:\/\/www.papiliorama.ch\/wp-content\/uploads\/2021\/05\/Papiliorama_Canopea_Spatenstich_6_HansStoeckli-300x200.jpg",300,200,true],"medium_large":["https:\/\/www.papiliorama.ch\/wp-content\/uploads\/2021\/05\/Papiliorama_Canopea_Spatenstich_6_HansStoeckli-768x512.jpg",768,512,true],"large":["https:\/\/www.papiliorama.ch\/wp-content\/uploads\/2021\/05\/Papiliorama_Canopea_Spatenstich_6_HansStoeckli.jpg",800,534,false],"1536x1536":["https:\/\/www.papiliorama.ch\/wp-content\/uploads\/2021\/05\/Papiliorama_Canopea_Spatenstich_6_HansStoeckli.jpg",1024,683,false],"2048x2048":["https:\/\/www.papiliorama.ch\/wp-content\/uploads\/2021\/05\/Papiliorama_Canopea_Spatenstich_6_HansStoeckli.jpg",1024,683,false],"woocommerce_thumbnail":["https:\/\/www.papiliorama.ch\/wp-content\/uploads\/2021\/05\/Papiliorama_Canopea_Spatenstich_6_HansStoeckli-300x300.jpg",300,300,true],"woocommerce_single":["https:\/\/www.papiliorama.ch\/wp-content\/uploads\/2021\/05\/Papiliorama_Canopea_Spatenstich_6_HansStoeckli-600x400.jpg",600,400,true],"woocommerce_gallery_thumbnail":["https:\/\/www.papiliorama.ch\/wp-content\/uploads\/2021\/05\/Papiliorama_Canopea_Spatenstich_6_HansStoeckli-100x100.jpg",100,100,true]},"post_excerpt_stackable_v2":"<p>C&rsquo;est par la pose symbolique d&rsquo;une orchid&eacute;e au sommet d&rsquo;un arbre porteur d&rsquo;un jardin luxuriant que le pr&eacute;sident de l&rsquo;Association ProPapiliorama Hans St&ouml;ckli, a officiellement lanc&eacute; le d&eacute;but des travaux de la premi&egrave;re &eacute;tape du projet Papiliorama 2030+ de la Fondation Papiliorama. Celle-ci verra la construction d&rsquo;un nouveau b&acirc;timent polyvalent baptis&eacute; Canopea, et s&rsquo;inscrira dans un plus vaste programme comprenant des projets de nouvelles expositions permanentes, d&rsquo;am&eacute;lioration des infrastructures et d&rsquo;assainissement &eacute;nerg&eacute;tique. Le projet Papiliorama 2030+ est devis&eacute; dans son ensemble &agrave; 14 millions de francs, et ses divers &eacute;l&eacute;ments seront graduellement r&eacute;alis&eacute;s durant les prochaines ann&eacute;es. Cette pose symbolique\u2026<\/p>\n","category_list_v2":"<a href=\"https:\/\/www.papiliorama.ch\/fr\/categorie\/news-fr\/\" rel=\"category tag\">News<\/a>","author_info_v2":{"name":"Nadia Dufaux","url":"https:\/\/www.papiliorama.ch\/fr\/author\/webmaster\/"},"comments_num_v2":"0 commentaire","_links":{"self":[{"href":"https:\/\/www.papiliorama.ch\/fr\/wp-json\/wp\/v2\/posts\/15906","targetHints":{"allow":["GET"]}}],"collection":[{"href":"https:\/\/www.papiliorama.ch\/fr\/wp-json\/wp\/v2\/posts"}],"about":[{"href":"https:\/\/www.papiliorama.ch\/fr\/wp-json\/wp\/v2\/types\/post"}],"author":[{"embeddable":true,"href":"https:\/\/www.papiliorama.ch\/fr\/wp-json\/wp\/v2\/users\/2"}],"replies":[{"embeddable":true,"href":"https:\/\/www.papiliorama.ch\/fr\/wp-json\/wp\/v2\/comments?post=15906"}],"version-history":[{"count":3,"href":"https:\/\/www.papiliorama.ch\/fr\/wp-json\/wp\/v2\/posts\/15906\/revisions"}],"predecessor-version":[{"id":15918,"href":"https:\/\/www.papiliorama.ch\/fr\/wp-json\/wp\/v2\/posts\/15906\/revisions\/15918"}],"wp:featuredmedia":[{"embeddable":true,"href":"https:\/\/www.papiliorama.ch\/fr\/wp-json\/wp\/v2\/media\/15858"}],"wp:attachment":[{"href":"https:\/\/www.papiliorama.ch\/fr\/wp-json\/wp\/v2\/media?parent=15906"}],"wp:term":[{"taxonomy":"category","embeddable":true,"href":"https:\/\/www.papiliorama.ch\/fr\/wp-json\/wp\/v2\/categories?post=15906"},{"taxonomy":"post_tag","embeddable":true,"href":"https:\/\/www.papiliorama.ch\/fr\/wp-json\/wp\/v2\/tags?post=15906"}],"curies":[{"name":"wp","href":"https:\/\/api.w.org\/{rel}","templated":true}]}}