{"id":30432,"date":"2025-03-02T22:26:43","date_gmt":"2025-03-02T21:26:43","guid":{"rendered":"https:\/\/www.papiliorama.ch\/?p=30432"},"modified":"2025-06-30T16:54:31","modified_gmt":"2025-06-30T15:54:31","slug":"vue-sur-le-papiliorama","status":"publish","type":"post","link":"https:\/\/www.papiliorama.ch\/en\/vue-sur-le-papiliorama\/","title":{"rendered":"Vue sur le papiliorama"},"content":{"rendered":"\n<p>En collaboration avec le vid&eacute;aste Andr&eacute; Sch&auml;ffer de Lucerne, la fondation Papiliorama a produit une nouvelle vid&eacute;o sur ses expositions. D&eacute;couvrez ici cette vid&eacute;o ludique, f&eacute;erique et l&eacute;g&egrave;re.<\/p>\n\n<div style=\"height:22px\" aria-hidden=\"true\" class=\"wp-block-spacer\"><\/div>\n\n<figure class=\"wp-block-embed is-type-video is-provider-youtube wp-block-embed-youtube wp-embed-aspect-16-9 wp-has-aspect-ratio\">\r\n<div class=\"wp-block-embed__wrapper\">https:\/\/youtu.be\/q4yenwGpdy4?feature=shared<\/div><\/figure>\n\n<div style=\"height:16px\" aria-hidden=\"true\" class=\"wp-block-spacer\"><\/div>\n\n<hr class=\"wp-block-separator has-alpha-channel-opacity\">\n\n<div style=\"height:31px\" aria-hidden=\"true\" class=\"wp-block-spacer\"><\/div>\n\n<p><\/p>\n","protected":false},"excerpt":{"rendered":"<p>En collaboration avec le vid\u00e9aste Andr\u00e9 Sch\u00e4ffer de Lucerne, la fondation Papiliorama a produit une nouvelle vid\u00e9o sur ses expositions. D\u00e9couvrez ici cette vid\u00e9o ludique, f\u00e9erique et l\u00e9g\u00e8re.<\/p>\n","protected":false},"author":2,"featured_media":28450,"comment_status":"closed","ping_status":"closed","sticky":false,"template":"","format":"standard","meta":{"footnotes":""},"categories":[258],"tags":[265,812,813],"class_list":["post-30432","post","type-post","status-publish","format-standard","has-post-thumbnail","hentry","category-news-en","tag-papiliorama-en","tag-video-en","tag-youtube-en"],"featured_image_urls_v2":{"full":["https:\/\/www.papiliorama.ch\/wp-content\/uploads\/2024\/12\/Papiliorama_Papiliorama_005cjost.jpg",1024,683,false],"thumbnail":["https:\/\/www.papiliorama.ch\/wp-content\/uploads\/2024\/12\/Papiliorama_Papiliorama_005cjost-150x150.jpg",150,150,true],"medium":["https:\/\/www.papiliorama.ch\/wp-content\/uploads\/2024\/12\/Papiliorama_Papiliorama_005cjost-300x200.jpg",300,200,true],"medium_large":["https:\/\/www.papiliorama.ch\/wp-content\/uploads\/2024\/12\/Papiliorama_Papiliorama_005cjost-768x512.jpg",768,512,true],"large":["https:\/\/www.papiliorama.ch\/wp-content\/uploads\/2024\/12\/Papiliorama_Papiliorama_005cjost.jpg",800,534,false],"1536x1536":["https:\/\/www.papiliorama.ch\/wp-content\/uploads\/2024\/12\/Papiliorama_Papiliorama_005cjost.jpg",1024,683,false],"2048x2048":["https:\/\/www.papiliorama.ch\/wp-content\/uploads\/2024\/12\/Papiliorama_Papiliorama_005cjost.jpg",1024,683,false],"woocommerce_thumbnail":["https:\/\/www.papiliorama.ch\/wp-content\/uploads\/2024\/12\/Papiliorama_Papiliorama_005cjost-300x300.jpg",300,300,true],"woocommerce_single":["https:\/\/www.papiliorama.ch\/wp-content\/uploads\/2024\/12\/Papiliorama_Papiliorama_005cjost-600x400.jpg",600,400,true],"woocommerce_gallery_thumbnail":["https:\/\/www.papiliorama.ch\/wp-content\/uploads\/2024\/12\/Papiliorama_Papiliorama_005cjost-100x100.jpg",100,100,true]},"post_excerpt_stackable_v2":"<p>En collaboration avec le vid&eacute;aste Andr&eacute; Sch&auml;ffer de Lucerne, la fondation Papiliorama a produit une nouvelle vid&eacute;o sur ses expositions. D&eacute;couvrez ici cette vid&eacute;o ludique, f&eacute;erique et l&eacute;g&egrave;re. https:\/\/youtu.be\/q4yenwGpdy4?feature=shared<\/p>\n","category_list_v2":"<a href=\"https:\/\/www.papiliorama.ch\/en\/category\/news-en\/\" rel=\"category tag\">News<\/a>","author_info_v2":{"name":"Nadia Dufaux","url":"https:\/\/www.papiliorama.ch\/en\/author\/webmaster\/"},"comments_num_v2":"0 comments","_links":{"self":[{"href":"https:\/\/www.papiliorama.ch\/en\/wp-json\/wp\/v2\/posts\/30432","targetHints":{"allow":["GET"]}}],"collection":[{"href":"https:\/\/www.papiliorama.ch\/en\/wp-json\/wp\/v2\/posts"}],"about":[{"href":"https:\/\/www.papiliorama.ch\/en\/wp-json\/wp\/v2\/types\/post"}],"author":[{"embeddable":true,"href":"https:\/\/www.papiliorama.ch\/en\/wp-json\/wp\/v2\/users\/2"}],"replies":[{"embeddable":true,"href":"https:\/\/www.papiliorama.ch\/en\/wp-json\/wp\/v2\/comments?post=30432"}],"version-history":[{"count":5,"href":"https:\/\/www.papiliorama.ch\/en\/wp-json\/wp\/v2\/posts\/30432\/revisions"}],"predecessor-version":[{"id":31736,"href":"https:\/\/www.papiliorama.ch\/en\/wp-json\/wp\/v2\/posts\/30432\/revisions\/31736"}],"wp:featuredmedia":[{"embeddable":true,"href":"https:\/\/www.papiliorama.ch\/en\/wp-json\/wp\/v2\/media\/28450"}],"wp:attachment":[{"href":"https:\/\/www.papiliorama.ch\/en\/wp-json\/wp\/v2\/media?parent=30432"}],"wp:term":[{"taxonomy":"category","embeddable":true,"href":"https:\/\/www.papiliorama.ch\/en\/wp-json\/wp\/v2\/categories?post=30432"},{"taxonomy":"post_tag","embeddable":true,"href":"https:\/\/www.papiliorama.ch\/en\/wp-json\/wp\/v2\/tags?post=30432"}],"curies":[{"name":"wp","href":"https:\/\/api.w.org\/{rel}","templated":true}]}}